{"id":1391,"date":"2020-08-14T08:45:40","date_gmt":"2020-08-14T13:45:40","guid":{"rendered":"https:\/\/blonnoir.com\/?p=1391"},"modified":"2023-02-14T16:12:23","modified_gmt":"2023-02-14T21:12:23","slug":"tendances-coloration-et-coupes-les-plus-populaires-2020","status":"publish","type":"post","link":"https:\/\/blonnoir.com\/en\/tendances-coloration-et-coupes-les-plus-populaires-2020\/","title":{"rendered":"Haircut and color trends 2020"},"content":{"rendered":"<p style=\"text-align: justify;\">With summer ending and fall just around the corner, we will be in the mood for a change of look. Seasonal changes usually mean hair changes! In this special article on the trendiest <strong>colors <\/strong>and<strong> cuts <\/strong>for 2020, you will be more than inspired for your next visit to your hairdresser.<\/p>\n<h2 style=\"text-align: justify;\"><span style=\"color: #000000;\"><strong>Bob haircut<\/strong><\/span><\/h2>\n<p style=\"text-align: justify;\"><img loading=\"lazy\" decoding=\"async\" class=\"alignnone wp-image-1396\" src=\"https:\/\/blonnoir.com\/wp-content\/uploads\/2020\/08\/Blonnoir-BOG-240x300.jpg\" alt=\"Le classique Bob\" width=\"258\" height=\"323\" \/><\/p>\n<p style=\"text-align: justify;\">Yes! The famous square <strong>cut <\/strong>is still in fashion in 2020! You can't go wrong with the Bob <strong>cut <\/strong>: it's for all face shape and all types of hair. Whether your hair is <strong>thin, thick, curly or flat<\/strong>... There's a Bob for everyone. It is a modern and timeless cut that will enhance your simplest looks. This<strong> cut<\/strong> will undoubtedly give you a trendy and effortless look. <span style=\"color: #ff9900;\"><strong><a style=\"color: #ff9900;\" href=\"https:\/\/blonnoir.com\/en\/services\/\">Will you try it?<\/a><\/strong><\/span><\/p>\n<h2 style=\"text-align: left;\"><span style=\"color: #000000;\"><strong>The asymmetrical Lob<\/strong><\/span><\/h2>\n<p style=\"text-align: justify;\"><img loading=\"lazy\" decoding=\"async\" class=\"alignnone wp-image-1397\" src=\"https:\/\/blonnoir.com\/wp-content\/uploads\/2020\/08\/Blonnoir-Asimetric-240x300.jpg\" alt=\"Le Lob asym\u00e9trique\" width=\"267\" height=\"334\" \/><\/p>\n<p style=\"text-align: justify;\">A <strong>cut <\/strong>is only a variation of the famous Bob cut. The only difference is its asymmetrical and elongated effect. The front of the hair is slightly longer than the rest of the <strong>hairstyle.<\/strong> Did you know that the name Lob comes from a combination of the words \"long\" and \"Bob\"? It represents the look of this <strong>women's haircut <\/strong>which is a variation of the Bob, but in a longer version. If you have a round face, this haircut will look great on you: it will make your face look longer and softer.<\/p>\n<h2 style=\"text-align: justify;\"><span style=\"color: #000000;\"><strong>The curtain bangs<\/strong><\/span><\/h2>\n<p><img loading=\"lazy\" decoding=\"async\" class=\"alignnone wp-image-1398\" src=\"https:\/\/blonnoir.com\/wp-content\/uploads\/2020\/08\/Blonnoir-rideau-240x300.jpg\" alt=\"La frange rideau\" width=\"248\" height=\"310\" \/><\/p>\n<p style=\"text-align: justify;\">Ah the famous curtain bangs... It's perfect to add a bit of style to your usual cut. Want a change without being too drastic? Don't hesitate any longer! Plus, this cut is perfect for the one who likes retro inspirations! The curtain bangs trend grew in popularity in the 1970s. No one can forget the beautiful Brigitte Bardot who wore this trend so well! So, <strong><span style=\"color: #ff9900;\"><a style=\"color: #ff9900;\" href=\"https:\/\/blonnoir.com\/en\/nous-joindre\/\">shall we make an appointment?<\/a><\/span><\/strong><\/p>\n<h2 style=\"text-align: justify;\"><span style=\"color: #000000;\"><strong>The short fringe<\/strong><\/span><\/h2>\n<p style=\"text-align: justify;\"><img loading=\"lazy\" decoding=\"async\" class=\"alignnone wp-image-1400\" src=\"https:\/\/blonnoir.com\/wp-content\/uploads\/2020\/08\/Blonnoir-courte-300x300.jpg\" alt=\"La frange courte\" width=\"317\" height=\"317\" \/><\/p>\n<p style=\"text-align: justify;\">This trend is perfect for those who want to go one step further than with curtain bangs. It's for the women with a rebellious edge. It gives an \"edgy\" and \"trendy\" look. This <strong>cut<\/strong> is not like the classic fringe which is eyebrows length: it is worn very very short. This fringe will define your pretty face and enhance it. You like this trend, but you are still not convinced that this <strong>haircut<\/strong> will suit your face?\u00a0 <span style=\"color: #ff9900;\"><strong><a style=\"color: #ff9900;\" href=\"https:\/\/blonnoir.com\/en\/nous-joindre\/\">Ask your hairdresser<\/a><\/strong><\/span> for <strong>advice<\/strong> and she will guide you!<\/p>\n<h2 style=\"text-align: justify;\"><span style=\"color: #000000;\"><strong>The famous \u201cface framing\u201d<\/strong><\/span><\/h2>\n<p style=\"text-align: justify;\"><img loading=\"lazy\" decoding=\"async\" class=\"alignnone wp-image-1401\" src=\"https:\/\/blonnoir.com\/wp-content\/uploads\/2020\/08\/Blonnoir-face-framing-240x300.jpg\" alt=\"Le fameux \u2018\u2019face framing\u2019\u2019\" width=\"251\" height=\"314\" \/><\/p>\n<p style=\"text-align: justify;\">This <strong>hair color<\/strong> trend is without a doubt THE most present trend right now. We see it everywhere on social medias, in magazines, on television... We even saw Kylie Jenner adopt this trend recently! Face framing is perfect for a natural and subtle look that will define and sublimate your face. This technique creates dimensions and highlight your cheekbones, your eyes, your jaw. If you don't feel like undergoing a total <strong>bleaching<\/strong> close to the roots of your <strong>hair<\/strong>, this is a great option for you. We bleach only the ends and the part of your hair closest to your face to give you a healthy, natural look.<\/p>\n<h2><span style=\"color: #000000;\"><strong>The shag haircut<\/strong><\/span><\/h2>\n<p style=\"text-align: justify;\"><img loading=\"lazy\" decoding=\"async\" class=\"alignnone wp-image-1402\" src=\"https:\/\/blonnoir.com\/wp-content\/uploads\/2020\/08\/Blonnoir-\u2019le-Shag\u2019\u2019-205x300.jpg\" alt=\"La coupe Longueuil modernis\u00e9e alias \u2018\u2019le Shag\u2019\u2019\" width=\"240\" height=\"351\" srcset=\"https:\/\/blonnoir.com\/wp-content\/uploads\/2020\/08\/Blonnoir-\u2019le-Shag\u2019\u2019-205x300.jpg 205w, https:\/\/blonnoir.com\/wp-content\/uploads\/2020\/08\/Blonnoir-\u2019le-Shag\u2019\u2019-480x703.jpg 480w, https:\/\/blonnoir.com\/wp-content\/uploads\/2020\/08\/Blonnoir-\u2019le-Shag\u2019\u2019.jpg 520w\" sizes=\"auto, (max-width: 240px) 100vw, 240px\" \/><\/p>\n<p style=\"text-align: justify;\">Yes, yes! The shag is back in style\u2026 that is correct! The famous <strong>Shag haircut<\/strong> which appeared in the 1980s-1990s was popularized by celebrities like David Bowie and Paul McCartney. However, in 2020, it is the modernized Shag that we are talking about and that is turning heads. It's obviously inspired by <strong>haircut<\/strong> of the 80s and 90s: unstructured, wild look, voluminous shades... Perfect for those who does not like to take a lot of time in the bathroom in the morning. This look is even more perfect when it has an effortless effect and a \u2018\u2019I didn\u2019t have time to brush my hair this morning\u2019\u2019 look. I dare you to go back in the 80s with this trend!<\/p>\n<h2 style=\"text-align: left;\"><span style=\"color: #000000;\"><strong>Natural hair<\/strong><\/span><\/h2>\n<p style=\"text-align: justify;\"><img loading=\"lazy\" decoding=\"async\" class=\"alignnone wp-image-1403\" src=\"https:\/\/blonnoir.com\/wp-content\/uploads\/2020\/08\/Blonnoir-Cheveux-naturels-200x300.jpg\" alt=\"Cheveux naturels\" width=\"241\" height=\"362\" \/><\/p>\n<p style=\"text-align: justify;\">This season, natural <strong>hair<\/strong> hair is on the rise! Don't bother trying to be someone else, for once. Curly we want it flat, flat we want it curly... In 2020, we want to see natural! Is your hair naturally curly? Let your hairdresser do its magic to simply enhance your natural hair with a fresh <strong>cut<\/strong> Your hair is flat, ask her to add a little volume. This year let go of your hot tools and just be yourself! Liberating, isn't it?<\/p>\n<h2><span style=\"color: #000000;\"><strong>The red-blond or Venetian blonde<\/strong><\/span><\/h2>\n<p style=\"text-align: justify;\"><img loading=\"lazy\" decoding=\"async\" class=\"alignnone wp-image-1404 size-medium\" src=\"https:\/\/blonnoir.com\/wp-content\/uploads\/2020\/08\/Blonnoir2-296x300.png\" alt=\"Le roux-blond ou blond v\u00e9nitien\" width=\"296\" height=\"300\" \/><\/p>\n<p style=\"text-align: justify;\">This color trend is one of our favorites! Originating from the Renaissance period, this hair trend appeared in Italy. Women used to expose themselves to the sun with a mixture of lemon juice and saffron to obtain this colour. Good news for us, in 2020, a simple visit to your favorite <strong>colourist<\/strong> you will be rocking this golden and copper color.  \nThis is a color that needs to be well-maintain and make sure you choose a qualified hairdresser to keep your hair healthy, as you will probably have to <strong>bleaching<\/strong> bleach your hair to achieve this colour. You'll also need to have color care products at home. Let us advise you on how to keep your colour looking beautiful for as long as possible. <span style=\"color: #ff9900;\"><strong><a style=\"color: #ff9900;\" href=\"https:\/\/blonnoir.com\/en\/nos-produits\/\">Here<\/a>!<\/strong><\/span><\/p>\n<h2 style=\"text-align: justify;\"><span style=\"color: #000000;\"><strong>Vanilla blonde <\/strong><\/span><\/h2>\n<p style=\"text-align: justify;\"><img loading=\"lazy\" decoding=\"async\" class=\"alignnone wp-image-1406\" src=\"https:\/\/blonnoir.com\/wp-content\/uploads\/2020\/08\/Blonnoir1-216x300.png\" alt=\"Le blond vanille\" width=\"242\" height=\"336\" \/><\/p>\n<p style=\"text-align: justify;\">The last trend we want to talk about, is the vanilla blonde <strong>hair color<\/strong> color trend. The famous ''vanilla blonde'' is a very pale and soft<strong> blonde<\/strong> we can understand why it has vanilla in its name. You will probably wonder whether it is more an ashy or a golden color? The illusion is done right: it is a combination between ashy and golden tones. This is why the result is natural and delicate. It is a color that will require a fairly high level of maintenance and a shampoo especially for blondes... but how can you resist this beautiful look?<\/p>\n<p style=\"text-align: justify;\">That is it already! Now you know what are the <strong>hair <\/strong>trends that you will see everywhere in 2020. Hopefully it inspired you on your next visit to the hairdresser. Don't hesitate to contact us at<strong><span style=\"color: #ff9900;\"> <a style=\"color: #ff9900;\" href=\"https:\/\/blonnoir.com\/en\/\">Blonnoir<\/a><\/span>,<\/strong> salon, located in St-Lambert. It will be our pleasure to discuss your next hair project with you!<\/p>\n<p style=\"text-align: justify;\">","protected":false},"excerpt":{"rendered":"<p>Avec l\u2019\u00e9t\u00e9 qui tire \u00e0 sa fin et l\u2019automne qui se pointera le bout du nez, plusieurs auront envie de changement de look. Qui dit changements saisonniers dit changements capillaires! Dans cet article sp\u00e9cial sur les colorations et les coupes les plus en vogue en ce moment, vous aurez des id\u00e9es pour inspirer votre prochaine [&hellip;]<\/p>\n","protected":false},"author":2,"featured_media":1410,"comment_status":"closed","ping_status":"closed","sticky":false,"template":"","format":"standard","meta":{"_et_pb_use_builder":"off","_et_pb_old_content":"","_et_gb_content_width":"","footnotes":""},"categories":[24],"tags":[],"class_list":["post-1391","post","type-post","status-publish","format-standard","has-post-thumbnail","hentry","category-blog"],"_links":{"self":[{"href":"https:\/\/blonnoir.com\/en\/wp-json\/wp\/v2\/posts\/1391","targetHints":{"allow":["GET"]}}],"collection":[{"href":"https:\/\/blonnoir.com\/en\/wp-json\/wp\/v2\/posts"}],"about":[{"href":"https:\/\/blonnoir.com\/en\/wp-json\/wp\/v2\/types\/post"}],"author":[{"embeddable":true,"href":"https:\/\/blonnoir.com\/en\/wp-json\/wp\/v2\/users\/2"}],"replies":[{"embeddable":true,"href":"https:\/\/blonnoir.com\/en\/wp-json\/wp\/v2\/comments?post=1391"}],"version-history":[{"count":38,"href":"https:\/\/blonnoir.com\/en\/wp-json\/wp\/v2\/posts\/1391\/revisions"}],"predecessor-version":[{"id":2444,"href":"https:\/\/blonnoir.com\/en\/wp-json\/wp\/v2\/posts\/1391\/revisions\/2444"}],"wp:featuredmedia":[{"embeddable":true,"href":"https:\/\/blonnoir.com\/en\/wp-json\/wp\/v2\/media\/1410"}],"wp:attachment":[{"href":"https:\/\/blonnoir.com\/en\/wp-json\/wp\/v2\/media?parent=1391"}],"wp:term":[{"taxonomy":"category","embeddable":true,"href":"https:\/\/blonnoir.com\/en\/wp-json\/wp\/v2\/categories?post=1391"},{"taxonomy":"post_tag","embeddable":true,"href":"https:\/\/blonnoir.com\/en\/wp-json\/wp\/v2\/tags?post=1391"}],"curies":[{"name":"wp","href":"https:\/\/api.w.org\/{rel}","templated":true}]}}