{"id":3003,"date":"2026-03-09T14:01:00","date_gmt":"2026-03-09T19:01:00","guid":{"rendered":"https:\/\/blonnoir.com\/?p=3003"},"modified":"2026-03-19T11:56:32","modified_gmt":"2026-03-19T16:56:32","slug":"coupe-de-cheveux-pour-homme","status":"publish","type":"post","link":"https:\/\/blonnoir.com\/fr\/coupe-de-cheveux-pour-homme\/","title":{"rendered":"Coupe de cheveux pour homme : quelle tendance 2026 vous ira?"},"content":{"rendered":"\n<p>Messieurs, pr\u00e9parez-vous \u00e0 r\u00e9volutionner votre look capillaire ! En 2026, le <strong>coupe de cheveux pour homme<\/strong> n&rsquo;ont pas fini de vous surprendre. Cette ann\u00e9e, on mise sur des styles audacieux, des textures travaill\u00e9es et des d\u00e9tails qui font toute la diff\u00e9rence.&nbsp;<\/p>\n\n\n\n<p>Chez<a href=\"https:\/\/blonnoir.com\/fr\/\"> Blonnoir<\/a>, on a scrut\u00e9 les derni\u00e8res tendances pour vous proposer une s\u00e9lection des coupes les plus en vogue. Du \u00ab\u00a0crop\u00a0\u00bb textur\u00e9 au \u00ab\u00a0pompadour\u00a0\u00bb d\u00e9contract\u00e9 en passant par les colorations \u00ab\u00a0sun-kissed\u00a0\u00bb, il y en a pour tous les go\u00fbts et tous les styles.&nbsp;<\/p>\n\n\n\n<h2 class=\"wp-block-heading\">1. Le \u00ab\u00a0Crop\u00a0\u00bb textur\u00e9 : l&rsquo;incontournable<\/h2>\n\n\n\n<p>En t\u00eate de liste des <a href=\"https:\/\/blonnoir.com\/fr\/services\/\"><strong>coupes de cheveux pour homme<\/strong><\/a>, on retrouve le \u00ab\u00a0crop\u00a0\u00bb, cette coupe courte qui continue de s\u00e9duire par sa facilit\u00e9 \u00e0 porter et \u00e0 styliser. En 2026, on l&rsquo;adopte dans une version textur\u00e9e, pour un rendu plus moderne et dynamique.&nbsp;<\/p>\n\n\n\n<p>Les cl\u00e9s pour r\u00e9ussir ce look ? Miser sur une coupe d\u00e9grad\u00e9e sur les c\u00f4t\u00e9s et l&rsquo;arri\u00e8re, avec plus de longueur sur le dessus pour cr\u00e9er du volume et du mouvement. Votre coiffeur travaillera les m\u00e8ches de fa\u00e7on irr\u00e9guli\u00e8re pour apporter de la mati\u00e8re et un fini \u00ab\u00a0effortless\u00a0\u00bb.<\/p>\n\n\n\n<h2 class=\"wp-block-heading\">2. Le \u00ab\u00a0Fade\u00a0\u00bb artistique : osez les motifs !<\/h2>\n\n\n\n<p>Le \u00ab\u00a0Fade\u00a0\u00bb, ce d\u00e9grad\u00e9 progressif qui donne une allure nette et graphique, prend une tournure artistique en 2026. La tendance est aux motifs sophistiqu\u00e9s, pour faire de votre <strong>coupe de cheveux pour homme<\/strong> une v\u00e9ritable \u0153uvre d&rsquo;art.<\/p>\n\n\n\n<h3 class=\"wp-block-heading\">Lignes g\u00e9om\u00e9triques<\/h3>\n\n\n\n<p>Pour un look graphique et contemporain, optez pour des lignes \u00e9pur\u00e9es qui structureront votre coupe de cheveux pour homme. Carr\u00e9s, triangles, zigzags&#8230; \u00c0 vous de jouer ! Les lignes droites apporteront une touche de modernit\u00e9 et de dynamisme \u00e0 votre \u00ab\u00a0Fade\u00a0\u00bb.&nbsp;<\/p>\n\n\n\n<p>Vous pouvez les combiner entre elles pour cr\u00e9er des motifs plus complexes, comme des labyrinthes ou des fractales. Les angles vifs et les formes g\u00e9om\u00e9triques pr\u00e9cises donneront une allure architecturale \u00e0 votre coiffure.<\/p>\n\n\n\n<h3 class=\"wp-block-heading\">Formes abstraites<\/h3>\n\n\n\n<p>Une touche artistique avant-gardiste pour votre \u00ab\u00a0Fade\u00a0\u00bb ? Misez sur des formes organiques, des courbes al\u00e9atoires ou des motifs plus psych\u00e9d\u00e9liques. L&rsquo;abstrait s&rsquo;invite sur votre cr\u00e2ne !<\/p>\n\n\n\n<p>Laissez libre cours \u00e0 votre imagination et \u00e0 celle de votre coiffeur pour cr\u00e9er des compositions uniques. Les formes sinueuses et irr\u00e9guli\u00e8res apporteront une dimension onirique \u00e0 votre coupe de cheveux pour homme. Vous pouvez vous inspirer des \u0153uvres de grands artistes abstraits comme Kandinsky, Mir\u00f3 ou Pollock.<\/p>\n\n\n\n<h3 class=\"wp-block-heading\">Dessins r\u00e9alistes<\/h3>\n\n\n\n<p>Animaux, paysages, portraits&#8230; Les dessins r\u00e9alistes permettent une personnalisation \u00e0 l&rsquo;extr\u00eame de votre coupe de cheveux pour homme. Votre coiffeur reproduira le motif de votre choix pour un style ultra-pointu.&nbsp;<\/p>\n\n\n\n<p>Vous pouvez opter pour le dessin de votre animal totem, d&rsquo;un lieu qui vous inspire ou m\u00eame du visage d&rsquo;un \u00eatre cher. Les possibilit\u00e9s sont infinies ! Votre barbier travaillera les ombres et les lumi\u00e8res pour donner vie aux d\u00e9tails et aux textures du motif.<\/p>\n\n\n\n<h2 class=\"wp-block-heading\">3. La frange \u00ab\u00a0Curtain\u00a0\u00bb : so 90&rsquo;s !\u00a0<\/h2>\n\n\n\n<figure class=\"wp-block-image size-full\"><img loading=\"lazy\" decoding=\"async\" width=\"600\" height=\"600\" src=\"https:\/\/blonnoir.com\/wp-content\/uploads\/2024\/07\/3-frange-curtain-so-90s.jpg\" alt=\"3 frange curtain so 90s\" class=\"wp-image-3296\" srcset=\"https:\/\/blonnoir.com\/wp-content\/uploads\/2024\/07\/3-frange-curtain-so-90s.jpg 600w, https:\/\/blonnoir.com\/wp-content\/uploads\/2024\/07\/3-frange-curtain-so-90s-480x480.jpg 480w\" sizes=\"auto, (min-width: 0px) and (max-width: 480px) 480px, (min-width: 481px) 600px, 100vw\" \/><\/figure>\n\n\n\n<p>Les ann\u00e9es 90 n&rsquo;ont pas fini de nous inspirer ! En 2026, la frange rideau, appel\u00e9e \u00ab\u00a0Curtain\u00a0\u00bb, fait un comeback remarqu\u00e9 sur les t\u00eates des hommes les plus styl\u00e9s. Cette <strong>coupe de cheveux pour homme<\/strong>, popularis\u00e9e par des ic\u00f4nes comme Johnny Depp ou Leonardo DiCaprio, revient sur le devant de la sc\u00e8ne dans une version modernis\u00e9e.&nbsp;<\/p>\n\n\n\n<p>Pour sublimer cette coupe de cheveux pour homme, misez sur des produits coiffants qui apporteront de la texture et du volume \u00e0 votre frange. Une cire mate ou un spray sal\u00e9 vous permettront de d\u00e9finir les m\u00e8ches et d&rsquo;obtenir un fini naturellement \u00e9bouriff\u00e9.<\/p>\n\n\n\n<h2 class=\"wp-block-heading\">4. Les cheveux longs : version 2026<\/h2>\n\n\n\n<p>Fini le clich\u00e9 des cheveux longs n\u00e9glig\u00e9s ! En 2026, on mise sur des coupes structur\u00e9es et soign\u00e9es, qui allient longueur et \u00e9l\u00e9gance. Les cheveux sont d\u00e9grad\u00e9s de fa\u00e7on subtile pour apporter du mouvement et de la l\u00e9g\u00e8ret\u00e9 \u00e0 la chevelure.&nbsp;<\/p>\n\n\n\n<p>Pour un look moderne et tendance, optez pour des coiffages sophistiqu\u00e9s comme le demi-queue, la queue de cheval basse ou le chignon d\u00e9structur\u00e9. Vous pouvez \u00e9galement jouer avec les accessoires, comme un bandana ou un b\u00e9ret, pour ajouter une touche de style \u00e0 votre <strong>coupe de cheveux pour homme<\/strong> longue.<\/p>\n\n\n\n<h2 class=\"wp-block-heading\">Blonnoir : l&rsquo;expertise au service de votre coupe de cheveux pour homme<\/h2>\n\n\n\n<figure class=\"wp-block-image size-full\"><img loading=\"lazy\" decoding=\"async\" width=\"600\" height=\"600\" src=\"https:\/\/blonnoir.com\/wp-content\/uploads\/2024\/07\/blonnoir-expertise-service-coupe-cheveux-homme.jpg\" alt=\"blonnoir expertise service coupe cheveux homme\" class=\"wp-image-3297\" srcset=\"https:\/\/blonnoir.com\/wp-content\/uploads\/2024\/07\/blonnoir-expertise-service-coupe-cheveux-homme.jpg 600w, https:\/\/blonnoir.com\/wp-content\/uploads\/2024\/07\/blonnoir-expertise-service-coupe-cheveux-homme-480x480.jpg 480w\" sizes=\"auto, (min-width: 0px) and (max-width: 480px) 480px, (min-width: 481px) 600px, 100vw\" \/><\/figure>\n\n\n\n<p>Pour adopter l\u2019une des coupes de cheveux pour homme tendance en 2026, faites confiance \u00e0 l\u2019expertise des coiffeurs Blonnoir. Nos professionnels passionn\u00e9s sauront vous conseiller la coupe qui mettra en valeur votre style et votre personnalit\u00e9, tout en utilisant des produits coiffants de qualit\u00e9 professionnelle soigneusement s\u00e9lectionn\u00e9s pour que vous puissiez reproduire chez vous les looks r\u00e9alis\u00e9s en salon.<\/p>\n\n\n\n<p><a href=\"https:\/\/blonnoir.com\/fr\/nous-joindre\/\">Prenez rendez-vous<\/a> d\u00e8s maintenant dans l\u2019un de nos salons ou sur notre site internet. Nos experts vous attendent pour vous offrir une exp\u00e9rience coiffure inoubliable et un r\u00e9sultat \u00e0 la hauteur de vos attentes !<\/p>\n","protected":false},"excerpt":{"rendered":"<p>Messieurs, pr\u00e9parez-vous \u00e0 r\u00e9volutionner votre look capillaire ! En 2026, le coupe de cheveux pour homme n&rsquo;ont pas fini de vous surprendre. Cette ann\u00e9e, on mise sur des styles audacieux, des textures travaill\u00e9es et des d\u00e9tails qui font toute la diff\u00e9rence.&nbsp; Chez Blonnoir, on a scrut\u00e9 les derni\u00e8res tendances pour vous proposer une s\u00e9lection des [&hellip;]<\/p>\n","protected":false},"author":14,"featured_media":3298,"comment_status":"open","ping_status":"closed","sticky":false,"template":"","format":"standard","meta":{"_et_pb_use_builder":"off","_et_pb_old_content":"","_et_gb_content_width":"","footnotes":""},"categories":[27],"tags":[],"class_list":["post-3003","post","type-post","status-publish","format-standard","has-post-thumbnail","hentry","category-back-end"],"_links":{"self":[{"href":"https:\/\/blonnoir.com\/fr\/wp-json\/wp\/v2\/posts\/3003","targetHints":{"allow":["GET"]}}],"collection":[{"href":"https:\/\/blonnoir.com\/fr\/wp-json\/wp\/v2\/posts"}],"about":[{"href":"https:\/\/blonnoir.com\/fr\/wp-json\/wp\/v2\/types\/post"}],"author":[{"embeddable":true,"href":"https:\/\/blonnoir.com\/fr\/wp-json\/wp\/v2\/users\/14"}],"replies":[{"embeddable":true,"href":"https:\/\/blonnoir.com\/fr\/wp-json\/wp\/v2\/comments?post=3003"}],"version-history":[{"count":2,"href":"https:\/\/blonnoir.com\/fr\/wp-json\/wp\/v2\/posts\/3003\/revisions"}],"predecessor-version":[{"id":3299,"href":"https:\/\/blonnoir.com\/fr\/wp-json\/wp\/v2\/posts\/3003\/revisions\/3299"}],"wp:featuredmedia":[{"embeddable":true,"href":"https:\/\/blonnoir.com\/fr\/wp-json\/wp\/v2\/media\/3298"}],"wp:attachment":[{"href":"https:\/\/blonnoir.com\/fr\/wp-json\/wp\/v2\/media?parent=3003"}],"wp:term":[{"taxonomy":"category","embeddable":true,"href":"https:\/\/blonnoir.com\/fr\/wp-json\/wp\/v2\/categories?post=3003"},{"taxonomy":"post_tag","embeddable":true,"href":"https:\/\/blonnoir.com\/fr\/wp-json\/wp\/v2\/tags?post=3003"}],"curies":[{"name":"wp","href":"https:\/\/api.w.org\/{rel}","templated":true}]}}