{"id":3229,"date":"2025-11-28T08:19:01","date_gmt":"2025-11-28T13:19:01","guid":{"rendered":"https:\/\/blonnoir.com\/?p=3229"},"modified":"2025-11-28T09:29:20","modified_gmt":"2025-11-28T14:29:20","slug":"correction-couleur-des-cheveux","status":"publish","type":"post","link":"https:\/\/blonnoir.com\/fr\/correction-couleur-des-cheveux\/","title":{"rendered":"Correction de couleur des cheveux : retrouvez une teinte parfaite"},"content":{"rendered":"\n<p>La <strong>correction de couleur des cheveux<\/strong> est devenue l\u2019une des demandes les plus fr\u00e9quentes dans les salons professionnels au Saint-Lambert. Que ce soit apr\u00e8s une coloration maison rat\u00e9e, un blond devenu trop chaud ou un noir trop uniforme, cette intervention technique permet de r\u00e9tablir l\u2019\u00e9quilibre chromatique, de prot\u00e9ger la fibre capillaire et de redonner confiance au client.&nbsp;<\/p>\n\n\n\n<p>Chez Blonnoir, cette expertise d\u00e9passe la simple retouche : c\u2019est un travail d\u2019analyse, de pr\u00e9cision et de ma\u00eetrise des pigments.<\/p>\n\n\n\n<h2 class=\"wp-block-heading\">Qu&rsquo;est-ce que la correction de couleur des cheveux ?<\/h2>\n\n\n\n<figure class=\"wp-block-image aligncenter size-full\"><img loading=\"lazy\" decoding=\"async\" width=\"600\" height=\"600\" src=\"https:\/\/blonnoir.com\/wp-content\/uploads\/2025\/11\/quest_ce_que_la_correction_de_couleur_des_cheveux.webp\" alt=\"Une femme se teint les cheveux avec un peigne, en pleine correction de couleur.\" class=\"wp-image-3232\" srcset=\"https:\/\/blonnoir.com\/wp-content\/uploads\/2025\/11\/quest_ce_que_la_correction_de_couleur_des_cheveux.webp 600w, https:\/\/blonnoir.com\/wp-content\/uploads\/2025\/11\/quest_ce_que_la_correction_de_couleur_des_cheveux-480x480.webp 480w\" sizes=\"auto, (min-width: 0px) and (max-width: 480px) 480px, (min-width: 481px) 600px, 100vw\" \/><\/figure>\n\n\n\n<p>La <a href=\"https:\/\/blonnoir.com\/fr\/services\/\"><strong>correction de couleur des cheveux<\/strong> <\/a>consiste \u00e0 ajuster un r\u00e9sultat coloristique qui ne correspond pas aux attentes. Toutefois, le terme va plus loin que \u00ab r\u00e9parer une erreur \u00bb : la <strong>correction de couleur des cheveux<\/strong> implique une lecture technique du fond d\u2019\u00e9claircissement, des sous-pigments pr\u00e9sents et de l\u2019historique des traitements.<\/p>\n\n\n\n<p>Cette d\u00e9marche vise \u00e0 retrouver une <strong>couleur de cheveux<\/strong> stable, harmonieuse et durable, sans fragiliser la fibre. Gr\u00e2ce \u00e0 une expertise avanc\u00e9e, un coloriste professionnel peut neutraliser, \u00e9quilibrer ou reconstruire le ton naturel ou d\u00e9sir\u00e9.<\/p>\n\n\n\n<h2 class=\"wp-block-heading\">Dans quels cas une correction de couleur des cheveux est n\u00e9cessaire<\/h2>\n\n\n\n<figure class=\"wp-block-image aligncenter size-full\"><img loading=\"lazy\" decoding=\"async\" width=\"600\" height=\"600\" src=\"https:\/\/blonnoir.com\/wp-content\/uploads\/2025\/11\/dans_quels_cas_une_correction_de_couleur_des_cheveux_est_necessaire.webp\" alt=\"Femme aux longs cheveux boucl\u00e9s, mettant en avant une correction de couleur des cheveux.\" class=\"wp-image-3231\" srcset=\"https:\/\/blonnoir.com\/wp-content\/uploads\/2025\/11\/dans_quels_cas_une_correction_de_couleur_des_cheveux_est_necessaire.webp 600w, https:\/\/blonnoir.com\/wp-content\/uploads\/2025\/11\/dans_quels_cas_une_correction_de_couleur_des_cheveux_est_necessaire-480x480.webp 480w\" sizes=\"auto, (min-width: 0px) and (max-width: 480px) 480px, (min-width: 481px) 600px, 100vw\" \/><\/figure>\n\n\n\n<p>Une <strong>correction de couleur des cheveux<\/strong> devient indispensable dans plusieurs situations typiques :<\/p>\n\n\n\n<ul class=\"wp-block-list\">\n<li>Le blond devenu cuivr\u00e9 ou jaune suite \u00e0 un mauvais choix de d\u00e9coloration.<br><\/li>\n\n\n\n<li>Un brun trop rouge ou trop fonc\u00e9 qui manque de profondeur.<br><\/li>\n\n\n\n<li>Un balayage qui vire au vert apr\u00e8s une exposition \u00e0 certains min\u00e9raux.<br><\/li>\n\n\n\n<li>La coloration de cheveux maison dont le r\u00e9sultat diff\u00e8re compl\u00e8tement de la nuance souhait\u00e9e.<br><\/li>\n<\/ul>\n\n\n\n<p>Dans ces cas, la priorit\u00e9 est d\u2019\u00e9valuer l\u2019\u00e9tat du cheveu, sa porosit\u00e9 et sa r\u00e9sistance avant toute intervention technique.<\/p>\n\n\n\n<p>\u2192 <a href=\"https:\/\/www.vagaro.com\/\/Users\/BusinessWidget.aspx?enc=MMLjhIwJMcwFQhXLL7ifVIxQXW7Ur\/7gp6CX6ARIbWFJSi2rps0RcZ6DtQWhGxR00OjyFUeAlWRoeQnjfjNzPGBGMNMFu9XofvohzZ4W5GbeY8E4ljKZwzBQ2nIoWRPBn83SfTp\/Huc1IV68WD8zeFgNVcrCNMRiTds3yE3aig0RDwUvjpiWFy2iuzG\/7Km+wpl+LDuBSpHvtoLtEnWUYxwod9D+sqhj8mn90JUGFBoF\/miKFotysE7teM3cYG0Gkny1\/KUg1d0\/\/yLzOEaj4+3a4vvBFmfDfsjBAlB6EfDOijhBd0+pTVy\/zAPhHFnGfJ\/18TuL9i6HrJoL59LMmjs4ZeiPpFTy0GoGFql8u5rZ3uf8BWNPkxFXeVToSlTYS\/RiXmM6lRYuEzw453gRmx\/RlafZ5V0hXvLbfy+QnUs=\">R\u00e9servez une s\u00e9ance de correction de couleur ici.<\/a><\/p>\n\n\n\n<h2 class=\"wp-block-heading\">Comment se d\u00e9roule une correction de couleur des cheveux ?<\/h2>\n\n\n\n<p>La premi\u00e8re \u00e9tape d\u2019une <strong>correction de couleur des cheveux<\/strong> est toujours la consultation. Le coloriste \u00e9tablit un diagnostic pr\u00e9cis : nuance actuelle, niveau de sensibilisation, traitements ant\u00e9rieurs. Ensuite, la <strong>correction de couleur des cheveux<\/strong> peut prendre diff\u00e9rentes formes selon le probl\u00e8me \u00e0 corriger :<\/p>\n\n\n\n<ul class=\"wp-block-list\">\n<li><strong>Neutralisation<\/strong> : application de pigments oppos\u00e9s pour annuler des reflets ind\u00e9sirables (ex. : violet pour neutraliser le jaune).<br><\/li>\n\n\n\n<li><strong>Remplissage pigmentaire<\/strong> : \u00e9tape essentielle avant de foncer un cheveu trop d\u00e9color\u00e9.<br><\/li>\n\n\n\n<li><strong>D\u00e9capage contr\u00f4l\u00e9<\/strong> : \u00e9claircir l\u00e9g\u00e8rement une coloration trop sombre.<br><\/li>\n\n\n\n<li><strong>Reconstruction chromatique<\/strong> : repositionner les pigments afin d\u2019obtenir une base stable pour une future coloration.<br><\/li>\n<\/ul>\n\n\n\n<p>Chaque intervention repose sur un dosage pr\u00e9cis, des temps de pause ma\u00eetris\u00e9s et une protection optimale de la fibre pour garantir un r\u00e9sultat uniforme et s\u00e9curis\u00e9.<\/p>\n\n\n\n<h2 class=\"wp-block-heading\">Techniques professionnelles pour le correction de couleur cheveux<\/h2>\n\n\n\n<p>Une <strong>correction de couleur cheveux<\/strong> peut mobiliser plusieurs techniques avanc\u00e9es : gla\u00e7age ton-sur-ton, toner haute performance, repigmentation progressive, dilution pigmentaire ou balayage correctif. Ces m\u00e9thodes permettent de cibler des zones sp\u00e9cifiques pour \u00e9viter un effet \u00ab bloc \u00bb et cr\u00e9er un r\u00e9sultat subtil, naturel et lumineux.<\/p>\n\n\n\n<p>Les coloristes de<a href=\"https:\/\/blonnoir.com\/fr\/\"> Blonnoir <\/a>privil\u00e9gient les formules adapt\u00e9es aux cheveux sensibles pour maintenir la r\u00e9sistance, la brillance et la coh\u00e9sion du cuticule.<\/p>\n\n\n\n<h2 class=\"wp-block-heading\">Choisir le bon salon pour une correction de couleur des cheveux<\/h2>\n\n\n\n<p>La r\u00e9ussite d\u2019une <strong>correction de couleur cheveux<\/strong> repose sur l\u2019expertise du coloriste. Un bon professionnel \u00e9value la sant\u00e9 du cheveu, explique les risques, planifie les \u00e9tapes et propose un plan de soins adapt\u00e9.&nbsp;<\/p>\n\n\n\n<p>Chez Blonnoir, chaque correction est r\u00e9alis\u00e9e avec pr\u00e9cision, transparence et un souci constant de pr\u00e9server la qualit\u00e9 de la fibre.<\/p>\n\n\n\n<p>La <strong>correction de couleur des cheveux<\/strong> est un art technique qui exige connaissances, sens esth\u00e9tique et ma\u00eetrise des pigments. Que vous ayez besoin d\u2019ajuster un ton, de neutraliser un reflet ou de reprendre compl\u00e8tement votre couleur, confier vos cheveux \u00e0 un expert est essentiel pour obtenir un r\u00e9sultat impeccable, durable et s\u00e9curitaire.<\/p>\n\n\n\n<p>Pour une correction de couleur ex\u00e9cut\u00e9e avec expertise, <a href=\"https:\/\/blonnoir.com\/fr\/nous-joindre\/\">contactez notre equipe<\/a> et profitez d\u2019une \u00e9valuation professionnelle.<\/p>\n","protected":false},"excerpt":{"rendered":"<p>La correction de couleur des cheveux est devenue l\u2019une des demandes les plus fr\u00e9quentes dans les salons professionnels au Saint-Lambert. Que ce soit apr\u00e8s une coloration maison rat\u00e9e, un blond devenu trop chaud ou un noir trop uniforme, cette intervention technique permet de r\u00e9tablir l\u2019\u00e9quilibre chromatique, de prot\u00e9ger la fibre capillaire et de redonner confiance [&hellip;]<\/p>\n","protected":false},"author":14,"featured_media":3230,"comment_status":"open","ping_status":"closed","sticky":false,"template":"","format":"standard","meta":{"_et_pb_use_builder":"off","_et_pb_old_content":"","_et_gb_content_width":"","footnotes":""},"categories":[24],"tags":[],"class_list":["post-3229","post","type-post","status-publish","format-standard","has-post-thumbnail","hentry","category-blog"],"_links":{"self":[{"href":"https:\/\/blonnoir.com\/fr\/wp-json\/wp\/v2\/posts\/3229","targetHints":{"allow":["GET"]}}],"collection":[{"href":"https:\/\/blonnoir.com\/fr\/wp-json\/wp\/v2\/posts"}],"about":[{"href":"https:\/\/blonnoir.com\/fr\/wp-json\/wp\/v2\/types\/post"}],"author":[{"embeddable":true,"href":"https:\/\/blonnoir.com\/fr\/wp-json\/wp\/v2\/users\/14"}],"replies":[{"embeddable":true,"href":"https:\/\/blonnoir.com\/fr\/wp-json\/wp\/v2\/comments?post=3229"}],"version-history":[{"count":1,"href":"https:\/\/blonnoir.com\/fr\/wp-json\/wp\/v2\/posts\/3229\/revisions"}],"predecessor-version":[{"id":3233,"href":"https:\/\/blonnoir.com\/fr\/wp-json\/wp\/v2\/posts\/3229\/revisions\/3233"}],"wp:featuredmedia":[{"embeddable":true,"href":"https:\/\/blonnoir.com\/fr\/wp-json\/wp\/v2\/media\/3230"}],"wp:attachment":[{"href":"https:\/\/blonnoir.com\/fr\/wp-json\/wp\/v2\/media?parent=3229"}],"wp:term":[{"taxonomy":"category","embeddable":true,"href":"https:\/\/blonnoir.com\/fr\/wp-json\/wp\/v2\/categories?post=3229"},{"taxonomy":"post_tag","embeddable":true,"href":"https:\/\/blonnoir.com\/fr\/wp-json\/wp\/v2\/tags?post=3229"}],"curies":[{"name":"wp","href":"https:\/\/api.w.org\/{rel}","templated":true}]}}